{"id":276,"date":"2023-12-21T20:32:28","date_gmt":"2023-12-21T20:32:28","guid":{"rendered":"https:\/\/www.drome-accueil-solidaire.org\/?p=276"},"modified":"2023-12-28T10:02:49","modified_gmt":"2023-12-28T10:02:49","slug":"proposition-de-lettre-a-monsieur-le-prefet-de-la-drome","status":"publish","type":"post","link":"https:\/\/www.drome-accueil-solidaire.org\/?p=276","title":{"rendered":"Lettre adress\u00e9e \u00e0 Monsieur Le Pr\u00e9fet de la Dr\u00f4me"},"content":{"rendered":"\n<p> <\/p>\n\n\n\n<p>L\u2019autorit\u00e9 pr\u00e9fectorale et son bras arm\u00e9, la DDETS a d\u00e9cid\u00e9 de remettre \u00e0 la rue plusieurs familles qui avaient \u00e9t\u00e9 mises \u00e0 l\u2019abri dans le cadre du dispositif d\u2019h\u00e9bergement d\u2019urgence g\u00e9r\u00e9 par l\u2019ANEF (Association Nationale d\u2019Entr\u2019aide F\u00e9minine) en durcissant en toute ill\u00e9galit\u00e9, les crit\u00e8res l\u00e9gaux et r\u00e8glementaires permettant d\u2019y acc\u00e9der.<\/p>\n\n\n\n<p>Monsieur Buisson, pr\u00e9sident de l\u2019ANEF 26, invoque sa n\u00e9cessaire subordination au repr\u00e9sentant de l\u2019\u00c9tat dans le d\u00e9partement pour demander \u00e0 son personnel d\u2019ex\u00e9cuter des ordres manifestement ill\u00e9gaux et dont l\u2019ex\u00e9cution porte incontestablement atteinte aux int\u00e9r\u00eats publics.<\/p>\n\n\n\n<p>Pourtant, il reconna\u00eet, l\u2019ill\u00e9galit\u00e9 des d\u00e9cisions prises par le pr\u00e9fet de la Dr\u00f4me mais d\u00e9cide n\u00e9anmoins d\u2019engager des proc\u00e9dures d\u2019expulsion et demande aux travailleurs sociaux de l\u2019ANEF de s\u2019abstenir d\u2019accompagner les familles qui ont d\u00e9cid\u00e9 de se maintenir dans leur logement pour prot\u00e9ger leurs enfants, faute d\u2019une autre solution . De m\u00eame, il ne les autorise pas \u00e0 g\u00e9rer les demandes d\u2019aide financi\u00e8re en faveur des enfants.<\/p>\n\n\n\n<p>La CGT \u00ab&nbsp;ANEF&nbsp;\u00bb a adress\u00e9 une requ\u00eate au pr\u00e9fet lui demandant de mettre fin imm\u00e9diatement et sans d\u00e9lai \u00e0 cette pratique et de renoncer \u00e0 appliquer ces consignes qui ne rentrent dans aucun cadre r\u00e8glementaire ou l\u00e9gal.<\/p>\n\n\n\n<p>En effet selon les dispositions de l\u2019article L345 \u2013 \u2013 deux du code de l\u2019action sociale et des familles, le dispositif d\u2019h\u00e9bergement d\u2019urgence s\u2019adresse \u00e0 toutes personnes sans-abri et en situation de d\u00e9tresse m\u00e9dicale, psychique ou sociale. <strong>Cet article s\u2019applique encore malgr\u00e9 le vote r\u00e9cent de la loi immigration.<\/strong><\/p>\n\n\n\n<p>Dans le cas des familles avec enfants, il est imp\u00e9ratif au nom de leur int\u00e9r\u00eat sup\u00e9rieur (l\u2019article 375 du Code civil) de consid\u00e9rer que leur bien-\u00eatre doit constituer une priorit\u00e9, dans toutes les d\u00e9cisions relatives \u00e0 la prise en charge des familles et \u00e0 la fin de celle-ci .<\/p>\n\n\n\n<h4 class=\"wp-block-heading alignfull has-text-align-center\"><strong>L&rsquo;Anef dans la Dr\u00f4me: <\/strong><br><\/h4>\n\n\n\n<figure class=\"wp-block-embed is-type-wp-embed is-provider-anef-vall-e-du-rh-ne wp-block-embed-anef-vall-e-du-rh-ne\"><div class=\"wp-block-embed__wrapper\">\n<blockquote class=\"wp-embedded-content\" data-secret=\"puauXKMMd1\"><a href=\"https:\/\/www.anefvalleedurhone.org\/\">Accueil<\/a><\/blockquote><iframe loading=\"lazy\" class=\"wp-embedded-content\" sandbox=\"allow-scripts\" security=\"restricted\" style=\"position: absolute; clip: rect(1px, 1px, 1px, 1px);\" title=\"\u00ab\u00a0Accueil\u00a0\u00bb &#8212; ANEF Vall\u00e9e du Rh\u00f4ne\" src=\"https:\/\/www.anefvalleedurhone.org\/embed\/#?secret=g1FXKe01yd#?secret=puauXKMMd1\" data-secret=\"puauXKMMd1\" width=\"500\" height=\"282\" frameborder=\"0\" marginwidth=\"0\" marginheight=\"0\" scrolling=\"no\"><\/iframe>\n<\/div><\/figure>\n\n\n\n<p class=\"has-text-align-center\"><strong><em>\u00ab\u00a0\u0152uvrer en dehors de toute pr\u00e9occupation politique ou confessionnelle et sans exclusive \u00e0 la pr\u00e9vention, la protection, l\u2019\u00e9ducation, la r\u00e9adaptation, l\u2019insertion sociale et professionnelle de personnes : enfants, adolescents, adultes se trouvant en danger moral physique ou victimes d\u2019exclusion.\u00a0\u00bb<\/em><\/strong><\/p>\n\n\n\n<p class=\"has-text-align-center\"><strong>23 lieux de vie \u00e0 Valence Mont\u00e9limar et Bourg-de-P\u00e9age..<\/strong><\/p>\n\n\n\n<p><strong>Solidarloc, Val de Dr\u00f4me Accueil R\u00e9fugi\u00e9s et Exil\u00e9s et Crestois ont envoy\u00e9 au pr\u00e9fet la lettre ci-dessous pour manifester leur stup\u00e9faction devant de telles mesures et leur inqui\u00e9tude quant au devenir de ces personnes et familles<\/strong>:<\/p>\n\n\n\n<p><em>\u00ab\u00a0Monsieur le pr\u00e9fet de la Dr\u00f4me, <\/em><\/p>\n\n\n\n<p><em>Nous avons \u00e9t\u00e9 alert\u00e9s par nos coll\u00e8gues, travailleurs sociaux employ\u00e9s par l&rsquo;ANEF, sur le risque de graves atteintes \u00e0 leur pouvoir d\u2019agir dans le cadre de leur mission d\u2019accueil et d\u2019h\u00e9bergement de personnes en difficult\u00e9. <\/em><\/p>\n\n\n\n<p><em>Ils nous font \u00e9tat de plusieurs familles h\u00e9berg\u00e9es par l&rsquo;Anef et qui ont d\u00fb \u00eatre remises \u00e0 la rue sur ordre de la pr\u00e9fecture.<\/em><\/p>\n\n\n\n<p><em>Nous, b\u00e9n\u00e9voles de l\u2019accueil de personnes en difficult\u00e9 ou migrantes, nous avons \u00e9t\u00e9 choqu\u00e9s et il nous semble important d\u2019entendre votre voix et \u00e9galement de faire entendre la n\u00f4tre.<\/em><\/p>\n\n\n\n<p><em>Dans nos pratiques quotidiennes, nous rencontrons de plus en plus de familles avec enfants qui dorment dans la rue\u2026 <\/em><\/p>\n\n\n\n<p><em>Nous sommes demandeurs  d\u2019explications qui ont conduit \u00e0 cette remise \u00e0 la rue et nous voudrions conna\u00eetre les nouveaux cadres de cette politique qui semble pratiquer  de plus en plus d\u2019exclusions . Notre pr\u00e9sident de la r\u00e9publique n\u2019avait-il pas promis  en juillet 2017 que plus personne ne devrait dormir \u00e0 la rue d\u2019ici la fin de cette ann\u00e9e-l\u00e0 : \u00ab la premi\u00e8re bataille, c\u2019est de loger tout le monde dignement. Je ne veux plus, d\u2019ici la fin de l\u2019ann\u00e9e, avoir des femmes et des hommes dans les rues dans les bois ou perdus. C\u2019est une question de dignit\u00e9, c\u2019est une question d\u2019humanit\u00e9 et d\u2019efficacit\u00e9 l\u00e0 aussi.\u00a0\u00bb<\/em><\/p>\n\n\n\n<p><em> Vous en tant que repr\u00e9sentant de l\u2019\u00c9tat, que pouvez-vous nous dire au sujet de toutes ces familles qui ne trouvent pas de solution ? <\/em><\/p>\n\n\n\n<p><em>Veuillez agr\u00e9er nos sinc\u00e8res salutations.<\/em><\/p>\n\n\n\n<p> Les associations signataires du Val de Dr\u00f4me : \u00ab\u00a0<\/p>\n\n\n\n<p class=\"has-text-align-center\"><\/p>\n\n\n\n<p><br><\/p>\n","protected":false},"excerpt":{"rendered":"<p>L\u2019autorit\u00e9 pr\u00e9fectorale et son bras arm\u00e9, la DDETS a d\u00e9cid\u00e9 de remettre \u00e0 la rue plusieurs familles qui avaient \u00e9t\u00e9 mises \u00e0 l\u2019abri dans le cadre du dispositif d\u2019h\u00e9bergement d\u2019urgence g\u00e9r\u00e9 par l\u2019ANEF (Association Nationale d\u2019Entr\u2019aide F\u00e9minine) en durcissant en toute ill\u00e9galit\u00e9, les crit\u00e8res l\u00e9gaux et r\u00e8glementaires permettant d\u2019y acc\u00e9der. Monsieur Buisson, pr\u00e9sident de l\u2019ANEF [&hellip;]<\/p>\n","protected":false},"author":3,"featured_media":0,"comment_status":"closed","ping_status":"","sticky":false,"template":"","format":"standard","meta":{"footnotes":""},"categories":[2],"tags":[],"class_list":["post-276","post","type-post","status-publish","format-standard","hentry","category-non-classe"],"_links":{"self":[{"href":"https:\/\/www.drome-accueil-solidaire.org\/index.php?rest_route=\/wp\/v2\/posts\/276","targetHints":{"allow":["GET"]}}],"collection":[{"href":"https:\/\/www.drome-accueil-solidaire.org\/index.php?rest_route=\/wp\/v2\/posts"}],"about":[{"href":"https:\/\/www.drome-accueil-solidaire.org\/index.php?rest_route=\/wp\/v2\/types\/post"}],"author":[{"embeddable":true,"href":"https:\/\/www.drome-accueil-solidaire.org\/index.php?rest_route=\/wp\/v2\/users\/3"}],"replies":[{"embeddable":true,"href":"https:\/\/www.drome-accueil-solidaire.org\/index.php?rest_route=%2Fwp%2Fv2%2Fcomments&post=276"}],"version-history":[{"count":3,"href":"https:\/\/www.drome-accueil-solidaire.org\/index.php?rest_route=\/wp\/v2\/posts\/276\/revisions"}],"predecessor-version":[{"id":280,"href":"https:\/\/www.drome-accueil-solidaire.org\/index.php?rest_route=\/wp\/v2\/posts\/276\/revisions\/280"}],"wp:attachment":[{"href":"https:\/\/www.drome-accueil-solidaire.org\/index.php?rest_route=%2Fwp%2Fv2%2Fmedia&parent=276"}],"wp:term":[{"taxonomy":"category","embeddable":true,"href":"https:\/\/www.drome-accueil-solidaire.org\/index.php?rest_route=%2Fwp%2Fv2%2Fcategories&post=276"},{"taxonomy":"post_tag","embeddable":true,"href":"https:\/\/www.drome-accueil-solidaire.org\/index.php?rest_route=%2Fwp%2Fv2%2Ftags&post=276"}],"curies":[{"name":"wp","href":"https:\/\/api.w.org\/{rel}","templated":true}]}}