{"id":365,"date":"2024-04-25T23:27:16","date_gmt":"2024-04-25T23:27:16","guid":{"rendered":"https:\/\/www.drome-accueil-solidaire.org\/?p=365"},"modified":"2024-05-13T14:35:23","modified_gmt":"2024-05-13T14:35:23","slug":"solidarloc-fete-a-la-maison-marguerite-le-1er-mai-2024-a-13h","status":"publish","type":"post","link":"https:\/\/www.drome-accueil-solidaire.org\/?p=365","title":{"rendered":"Solidarloc, f\u00eate \u00e0 la maison Marguerite le 1er mai 2024, \u00e0 13h !"},"content":{"rendered":"\n<p class=\"has-small-font-size\">Depuis l&rsquo;\u00e9t\u00e9 2023 ont \u00e9t\u00e9 engag\u00e9s des travaux de r\u00e9novation : isolation de la fa\u00e7ade nord, am\u00e9nagement de la courette avec construction d&rsquo;un abri \u00e0 v\u00e9lo et poussettes, le tout gr\u00e2ce \u00e0 un financement participatif et \u00e0 l&rsquo;engagement des b\u00e9n\u00e9voles. Et maintenant c&rsquo;est l\u2019inauguration : nous vous attendons nombreux autour d&rsquo;un repas partag\u00e9 ! C&rsquo;est au 21 cour Joubernon \u00e0 Crest. <\/p>\n\n\n\n<figure class=\"wp-block-image size-full\"><img loading=\"lazy\" decoding=\"async\" width=\"696\" height=\"933\" src=\"https:\/\/www.drome-accueil-solidaire.org\/wp-content\/uploads\/2024\/04\/Solidarloc-affiche-fete-01-05-2024.png\" alt=\"\" class=\"wp-image-356\" srcset=\"https:\/\/www.drome-accueil-solidaire.org\/wp-content\/uploads\/2024\/04\/Solidarloc-affiche-fete-01-05-2024.png 696w, https:\/\/www.drome-accueil-solidaire.org\/wp-content\/uploads\/2024\/04\/Solidarloc-affiche-fete-01-05-2024-224x300.png 224w\" sizes=\"auto, (max-width: 696px) 100vw, 696px\" \/><\/figure>\n","protected":false},"excerpt":{"rendered":"<p>Depuis l&rsquo;\u00e9t\u00e9 2023 ont \u00e9t\u00e9 engag\u00e9s des travaux de r\u00e9novation : isolation de la fa\u00e7ade nord, am\u00e9nagement de la courette avec construction d&rsquo;un abri \u00e0 v\u00e9lo et poussettes, le tout gr\u00e2ce \u00e0 un financement participatif et \u00e0 l&rsquo;engagement des b\u00e9n\u00e9voles. Et maintenant c&rsquo;est l\u2019inauguration : nous vous attendons nombreux autour d&rsquo;un repas partag\u00e9 ! C&rsquo;est [&hellip;]<\/p>\n","protected":false},"author":8,"featured_media":0,"comment_status":"closed","ping_status":"closed","sticky":false,"template":"","format":"standard","meta":{"footnotes":""},"categories":[9],"tags":[],"class_list":["post-365","post","type-post","status-publish","format-standard","hentry","category-solidarloc"],"_links":{"self":[{"href":"https:\/\/www.drome-accueil-solidaire.org\/index.php?rest_route=\/wp\/v2\/posts\/365","targetHints":{"allow":["GET"]}}],"collection":[{"href":"https:\/\/www.drome-accueil-solidaire.org\/index.php?rest_route=\/wp\/v2\/posts"}],"about":[{"href":"https:\/\/www.drome-accueil-solidaire.org\/index.php?rest_route=\/wp\/v2\/types\/post"}],"author":[{"embeddable":true,"href":"https:\/\/www.drome-accueil-solidaire.org\/index.php?rest_route=\/wp\/v2\/users\/8"}],"replies":[{"embeddable":true,"href":"https:\/\/www.drome-accueil-solidaire.org\/index.php?rest_route=%2Fwp%2Fv2%2Fcomments&post=365"}],"version-history":[{"count":8,"href":"https:\/\/www.drome-accueil-solidaire.org\/index.php?rest_route=\/wp\/v2\/posts\/365\/revisions"}],"predecessor-version":[{"id":467,"href":"https:\/\/www.drome-accueil-solidaire.org\/index.php?rest_route=\/wp\/v2\/posts\/365\/revisions\/467"}],"wp:attachment":[{"href":"https:\/\/www.drome-accueil-solidaire.org\/index.php?rest_route=%2Fwp%2Fv2%2Fmedia&parent=365"}],"wp:term":[{"taxonomy":"category","embeddable":true,"href":"https:\/\/www.drome-accueil-solidaire.org\/index.php?rest_route=%2Fwp%2Fv2%2Fcategories&post=365"},{"taxonomy":"post_tag","embeddable":true,"href":"https:\/\/www.drome-accueil-solidaire.org\/index.php?rest_route=%2Fwp%2Fv2%2Ftags&post=365"}],"curies":[{"name":"wp","href":"https:\/\/api.w.org\/{rel}","templated":true}]}}