{"id":637,"date":"2024-09-04T06:58:34","date_gmt":"2024-09-04T06:58:34","guid":{"rendered":"https:\/\/www.drome-accueil-solidaire.org\/?p=637"},"modified":"2024-09-04T06:59:07","modified_gmt":"2024-09-04T06:59:07","slug":"forum-des-associations-a-crest-le-samedi-7-septembre-2024","status":"publish","type":"post","link":"https:\/\/www.drome-accueil-solidaire.org\/?p=637","title":{"rendered":"Forum des associations \u00e0 Crest le samedi 7 septembre 2024"},"content":{"rendered":"\n<p>SOLIDARLOC tiendra son stand, aux c\u00f4t\u00e9s de l&rsquo;association Exil\u00e9s &amp; Crestois, dans la salle Moulinage (Espace Soubeyran) de 9h30 \u00e0 17h30. Nous serons ravis de vous y accueillir pour vous permettre de prendre connaissance de l&rsquo;association et de nos actions. Et bien s\u00fbr vous pouvez aussi toujours nous rencontrer lors de notre permanence \u00e0 la Maison Marguerite tous les vendredis de 17h \u00e0 19h (Crest, 21 cours Joubernon).<\/p>\n\n\n\n<p><\/p>\n","protected":false},"excerpt":{"rendered":"<p>SOLIDARLOC tiendra son stand, aux c\u00f4t\u00e9s de l&rsquo;association Exil\u00e9s &amp; Crestois, dans la salle Moulinage (Espace Soubeyran) de 9h30 \u00e0 17h30. Nous serons ravis de vous y accueillir pour vous permettre de prendre connaissance de l&rsquo;association et de nos actions. Et bien s\u00fbr vous pouvez aussi toujours nous rencontrer lors de notre permanence \u00e0 la [&hellip;]<\/p>\n","protected":false},"author":8,"featured_media":0,"comment_status":"closed","ping_status":"","sticky":false,"template":"","format":"standard","meta":{"footnotes":""},"categories":[9],"tags":[],"class_list":["post-637","post","type-post","status-publish","format-standard","hentry","category-solidarloc"],"_links":{"self":[{"href":"https:\/\/www.drome-accueil-solidaire.org\/index.php?rest_route=\/wp\/v2\/posts\/637","targetHints":{"allow":["GET"]}}],"collection":[{"href":"https:\/\/www.drome-accueil-solidaire.org\/index.php?rest_route=\/wp\/v2\/posts"}],"about":[{"href":"https:\/\/www.drome-accueil-solidaire.org\/index.php?rest_route=\/wp\/v2\/types\/post"}],"author":[{"embeddable":true,"href":"https:\/\/www.drome-accueil-solidaire.org\/index.php?rest_route=\/wp\/v2\/users\/8"}],"replies":[{"embeddable":true,"href":"https:\/\/www.drome-accueil-solidaire.org\/index.php?rest_route=%2Fwp%2Fv2%2Fcomments&post=637"}],"version-history":[{"count":2,"href":"https:\/\/www.drome-accueil-solidaire.org\/index.php?rest_route=\/wp\/v2\/posts\/637\/revisions"}],"predecessor-version":[{"id":639,"href":"https:\/\/www.drome-accueil-solidaire.org\/index.php?rest_route=\/wp\/v2\/posts\/637\/revisions\/639"}],"wp:attachment":[{"href":"https:\/\/www.drome-accueil-solidaire.org\/index.php?rest_route=%2Fwp%2Fv2%2Fmedia&parent=637"}],"wp:term":[{"taxonomy":"category","embeddable":true,"href":"https:\/\/www.drome-accueil-solidaire.org\/index.php?rest_route=%2Fwp%2Fv2%2Fcategories&post=637"},{"taxonomy":"post_tag","embeddable":true,"href":"https:\/\/www.drome-accueil-solidaire.org\/index.php?rest_route=%2Fwp%2Fv2%2Ftags&post=637"}],"curies":[{"name":"wp","href":"https:\/\/api.w.org\/{rel}","templated":true}]}}