{"id":667,"date":"2024-11-03T19:37:25","date_gmt":"2024-11-03T19:37:25","guid":{"rendered":"https:\/\/www.drome-accueil-solidaire.org\/?p=667"},"modified":"2024-11-03T19:37:25","modified_gmt":"2024-11-03T19:37:25","slug":"deux-propositions-utiles-pour-les-personnes-accueillies","status":"publish","type":"post","link":"https:\/\/www.drome-accueil-solidaire.org\/?p=667","title":{"rendered":"Deux propositions utiles pour les personnes accueillies"},"content":{"rendered":"\n<ol class=\"wp-block-list\">\n<li>Au-del\u00e0 de l&rsquo;UPVD, des Restos du Coeur et du CCAS qui le proposaient d\u00e9j\u00e0, deux b\u00e9n\u00e9voles vont proposer <strong>un cours de FLE hebdomadaire \u00e0 la MJC-Centre Social Nini Chaize<\/strong> \u00e0 Aouste. L&rsquo;apprentissage du fran\u00e7ais est \u00e0 la fois difficile et n\u00e9cessaire, donc bienvenue et merci \u00e0 cette nouvelle proposition qui sera compl\u00e9mentaire des trois autres.<br>Ce sera les jeudis matins de 10h \u00e0 11h30 et c&rsquo;est gratuit. Inscription au 04 75 25 14 20. Premi\u00e8re s\u00e9ance le 7 novembre.<\/li>\n<\/ol>\n\n\n\n<div data-wp-interactive=\"core\/file\" class=\"wp-block-file\"><object data-wp-bind--hidden=\"!state.hasPdfPreview\" hidden class=\"wp-block-file__embed\" data=\"https:\/\/www.drome-accueil-solidaire.org\/wp-content\/uploads\/2024\/11\/affiche-ateliers-FLE-MJC.pdf\" type=\"application\/pdf\" style=\"width:100%;height:600px\" aria-label=\"Contenu embarqu\u00e9 affiche ateliers FLE MJC.\"><\/object><a id=\"wp-block-file--media-c612c843-14fc-4ded-8603-dbeb7ef1d3c6\" href=\"https:\/\/www.drome-accueil-solidaire.org\/wp-content\/uploads\/2024\/11\/affiche-ateliers-FLE-MJC.pdf\">affiche ateliers FLE MJC<\/a><a href=\"https:\/\/www.drome-accueil-solidaire.org\/wp-content\/uploads\/2024\/11\/affiche-ateliers-FLE-MJC.pdf\" class=\"wp-block-file__button wp-element-button\" download aria-describedby=\"wp-block-file--media-c612c843-14fc-4ded-8603-dbeb7ef1d3c6\">T\u00e9l\u00e9charger<\/a><\/div>\n\n\n\n<p>2) Dans le cadre du projet \u00ab\u00a0V\u00e9los \u00e9gaux\u00a0\u00bb, l&rsquo;association Dromolib va proposer aux personnes ayant des difficult\u00e9s \u00e0 se d\u00e9placer localement de pouvoir b\u00e9n\u00e9ficier d&rsquo;un apprentissage de la pratique et de l&rsquo;entretien du v\u00e9lo, et aussi du pr\u00eat ou de l&rsquo;achat accompagn\u00e9 d&rsquo;un v\u00e9lo. Les conditions d\u2019\u00e9ligibilit\u00e9 incluent des crit\u00e8res de ressources et des crit\u00e8res de situation (RSA, ASS, ASI et ADA). <strong>L<\/strong>&lsquo;<strong>accompagnement consiste \u00e0 effectuer un diagnostic mobilit\u00e9 individuel et \u00e0 mettre en place un parcours d&rsquo;apprentissage sur mesure et gratuit.<\/strong> En fonction des connaissances des b\u00e9n\u00e9ficiaires, le parcours peut durer entre 3 et 6 mois.<br>Contact : Dromolib 04 75 82 92 67 et voir ci-dessous<\/p>\n\n\n\n<div data-wp-interactive=\"core\/file\" class=\"wp-block-file\"><object data-wp-bind--hidden=\"!state.hasPdfPreview\" hidden class=\"wp-block-file__embed\" data=\"https:\/\/www.drome-accueil-solidaire.org\/wp-content\/uploads\/2024\/11\/Contacts-Velo-egaux.pdf\" type=\"application\/pdf\" style=\"width:100%;height:600px\" aria-label=\"Contenu embarqu\u00e9 Contacts V\u00e9lo-\u00e9gaux.\"><\/object><a id=\"wp-block-file--media-90c3ecbf-aeb4-4ae5-8c5d-515ccc550b40\" href=\"https:\/\/www.drome-accueil-solidaire.org\/wp-content\/uploads\/2024\/11\/Contacts-Velo-egaux.pdf\">Contacts V\u00e9lo-\u00e9gaux<\/a><a href=\"https:\/\/www.drome-accueil-solidaire.org\/wp-content\/uploads\/2024\/11\/Contacts-Velo-egaux.pdf\" class=\"wp-block-file__button wp-element-button\" download aria-describedby=\"wp-block-file--media-90c3ecbf-aeb4-4ae5-8c5d-515ccc550b40\">T\u00e9l\u00e9charger<\/a><\/div>\n","protected":false},"excerpt":{"rendered":"<p>2) Dans le cadre du projet \u00ab\u00a0V\u00e9los \u00e9gaux\u00a0\u00bb, l&rsquo;association Dromolib va proposer aux personnes ayant des difficult\u00e9s \u00e0 se d\u00e9placer localement de pouvoir b\u00e9n\u00e9ficier d&rsquo;un apprentissage de la pratique et de l&rsquo;entretien du v\u00e9lo, et aussi du pr\u00eat ou de l&rsquo;achat accompagn\u00e9 d&rsquo;un v\u00e9lo. Les conditions d\u2019\u00e9ligibilit\u00e9 incluent des crit\u00e8res de ressources et des crit\u00e8res [&hellip;]<\/p>\n","protected":false},"author":6,"featured_media":0,"comment_status":"closed","ping_status":"","sticky":false,"template":"","format":"standard","meta":{"footnotes":""},"categories":[7],"tags":[],"class_list":["post-667","post","type-post","status-publish","format-standard","hentry","category-v_d_a_r"],"_links":{"self":[{"href":"https:\/\/www.drome-accueil-solidaire.org\/index.php?rest_route=\/wp\/v2\/posts\/667","targetHints":{"allow":["GET"]}}],"collection":[{"href":"https:\/\/www.drome-accueil-solidaire.org\/index.php?rest_route=\/wp\/v2\/posts"}],"about":[{"href":"https:\/\/www.drome-accueil-solidaire.org\/index.php?rest_route=\/wp\/v2\/types\/post"}],"author":[{"embeddable":true,"href":"https:\/\/www.drome-accueil-solidaire.org\/index.php?rest_route=\/wp\/v2\/users\/6"}],"replies":[{"embeddable":true,"href":"https:\/\/www.drome-accueil-solidaire.org\/index.php?rest_route=%2Fwp%2Fv2%2Fcomments&post=667"}],"version-history":[{"count":2,"href":"https:\/\/www.drome-accueil-solidaire.org\/index.php?rest_route=\/wp\/v2\/posts\/667\/revisions"}],"predecessor-version":[{"id":672,"href":"https:\/\/www.drome-accueil-solidaire.org\/index.php?rest_route=\/wp\/v2\/posts\/667\/revisions\/672"}],"wp:attachment":[{"href":"https:\/\/www.drome-accueil-solidaire.org\/index.php?rest_route=%2Fwp%2Fv2%2Fmedia&parent=667"}],"wp:term":[{"taxonomy":"category","embeddable":true,"href":"https:\/\/www.drome-accueil-solidaire.org\/index.php?rest_route=%2Fwp%2Fv2%2Fcategories&post=667"},{"taxonomy":"post_tag","embeddable":true,"href":"https:\/\/www.drome-accueil-solidaire.org\/index.php?rest_route=%2Fwp%2Fv2%2Ftags&post=667"}],"curies":[{"name":"wp","href":"https:\/\/api.w.org\/{rel}","templated":true}]}}