{"id":675,"date":"2024-11-28T15:27:22","date_gmt":"2024-11-28T15:27:22","guid":{"rendered":"https:\/\/www.drome-accueil-solidaire.org\/?p=675"},"modified":"2024-11-28T15:27:22","modified_gmt":"2024-11-28T15:27:22","slug":"ec-decouverte-de-metiers-du-bois-a-lasymetrie-avec-les-jeunes","status":"publish","type":"post","link":"https:\/\/www.drome-accueil-solidaire.org\/?p=675","title":{"rendered":"E&amp;C : D\u00e9couverte de m\u00e9tiers du bois a l&rsquo;Asym\u00e9trie avec les jeunes"},"content":{"rendered":"\n<p>Jeudi 14 novembre nous avons \u00e9t\u00e9 accueillis par la joyeuse \u00e9quipe de l&rsquo;Asym\u00e9trie \u00e0 Aouste !<\/p>\n\n\n\n<p>Cet espace partag\u00e9 par un collectif d&rsquo;artisan\/es regroupe de nombreux corps d&rsquo;activit\u00e9 li\u00e9s et bois et au m\u00e9tal .<\/p>\n\n\n\n<figure class=\"wp-block-image size-large\"><img loading=\"lazy\" decoding=\"async\" width=\"1024\" height=\"768\" src=\"https:\/\/www.drome-accueil-solidaire.org\/wp-content\/uploads\/2024\/11\/DSCN4406-1024x768.jpg\" alt=\"\" class=\"wp-image-676\" srcset=\"https:\/\/www.drome-accueil-solidaire.org\/wp-content\/uploads\/2024\/11\/DSCN4406-1024x768.jpg 1024w, https:\/\/www.drome-accueil-solidaire.org\/wp-content\/uploads\/2024\/11\/DSCN4406-300x225.jpg 300w, https:\/\/www.drome-accueil-solidaire.org\/wp-content\/uploads\/2024\/11\/DSCN4406-768x576.jpg 768w, https:\/\/www.drome-accueil-solidaire.org\/wp-content\/uploads\/2024\/11\/DSCN4406-1536x1152.jpg 1536w, https:\/\/www.drome-accueil-solidaire.org\/wp-content\/uploads\/2024\/11\/DSCN4406-2048x1536.jpg 2048w\" sizes=\"auto, (max-width: 1024px) 100vw, 1024px\" \/><\/figure>\n\n\n\n<p>Chacun\/es nous on partag\u00e9s leurs zones d&rsquo;atelier , les outils et les mat\u00e9riaux qui caract\u00e9risent leurs sp\u00e9cialit\u00e9s : Charpentiers , constructeurice d&rsquo;ossatures b\u00e2timents et tiny house,architecte, tourneur\/es , sculpteur, \u00e9b\u00e9nistes, coutelier, fondeur.<\/p>\n\n\n\n<p>L&rsquo;id\u00e9e de cette matin\u00e9e , c&rsquo;est de pouvoir permettre aux personnes accompagn\u00e9es par Exil\u00e9.e.s et Crestois d&rsquo;aller \u00e0 la rencontre de l&rsquo;artisanat , de susciter des vocations , de d\u00e9couvrir des modes de fonctionnements collectifs et autog\u00e9r\u00e9s .<\/p>\n\n\n\n<p>Des propositions on \u00e9man\u00e9es pour approfondir la d\u00e9couverte de ces m\u00e9tiers .<\/p>\n\n\n\n<p>Un grand merci a tout le collectif de l\u2019Asym\u00e9trie pour votre accueil !<\/p>\n\n\n\n<p><a href=\"https:\/\/www.lasymetrie.org\/page\/2105583-accueil\">https:\/\/www.lasymetrie.org\/page\/2105583-accueil<\/a><\/p>\n\n\n\n<figure class=\"wp-block-image size-large\"><img loading=\"lazy\" decoding=\"async\" width=\"1024\" height=\"768\" src=\"https:\/\/www.drome-accueil-solidaire.org\/wp-content\/uploads\/2024\/11\/DSCN4405-1024x768.jpg\" alt=\"\" class=\"wp-image-677\" srcset=\"https:\/\/www.drome-accueil-solidaire.org\/wp-content\/uploads\/2024\/11\/DSCN4405-1024x768.jpg 1024w, https:\/\/www.drome-accueil-solidaire.org\/wp-content\/uploads\/2024\/11\/DSCN4405-300x225.jpg 300w, https:\/\/www.drome-accueil-solidaire.org\/wp-content\/uploads\/2024\/11\/DSCN4405-768x576.jpg 768w, https:\/\/www.drome-accueil-solidaire.org\/wp-content\/uploads\/2024\/11\/DSCN4405-1536x1152.jpg 1536w, https:\/\/www.drome-accueil-solidaire.org\/wp-content\/uploads\/2024\/11\/DSCN4405-2048x1536.jpg 2048w\" sizes=\"auto, (max-width: 1024px) 100vw, 1024px\" \/><\/figure>\n","protected":false},"excerpt":{"rendered":"<p>Jeudi 14 novembre nous avons \u00e9t\u00e9 accueillis par la joyeuse \u00e9quipe de l&rsquo;Asym\u00e9trie \u00e0 Aouste ! Cet espace partag\u00e9 par un collectif d&rsquo;artisan\/es regroupe de nombreux corps d&rsquo;activit\u00e9 li\u00e9s et bois et au m\u00e9tal . Chacun\/es nous on partag\u00e9s leurs zones d&rsquo;atelier , les outils et les mat\u00e9riaux qui caract\u00e9risent leurs sp\u00e9cialit\u00e9s : Charpentiers , [&hellip;]<\/p>\n","protected":false},"author":2,"featured_media":0,"comment_status":"closed","ping_status":"","sticky":false,"template":"","format":"standard","meta":{"footnotes":""},"categories":[8],"tags":[],"class_list":["post-675","post","type-post","status-publish","format-standard","hentry","category-exiles_cretois"],"_links":{"self":[{"href":"https:\/\/www.drome-accueil-solidaire.org\/index.php?rest_route=\/wp\/v2\/posts\/675","targetHints":{"allow":["GET"]}}],"collection":[{"href":"https:\/\/www.drome-accueil-solidaire.org\/index.php?rest_route=\/wp\/v2\/posts"}],"about":[{"href":"https:\/\/www.drome-accueil-solidaire.org\/index.php?rest_route=\/wp\/v2\/types\/post"}],"author":[{"embeddable":true,"href":"https:\/\/www.drome-accueil-solidaire.org\/index.php?rest_route=\/wp\/v2\/users\/2"}],"replies":[{"embeddable":true,"href":"https:\/\/www.drome-accueil-solidaire.org\/index.php?rest_route=%2Fwp%2Fv2%2Fcomments&post=675"}],"version-history":[{"count":3,"href":"https:\/\/www.drome-accueil-solidaire.org\/index.php?rest_route=\/wp\/v2\/posts\/675\/revisions"}],"predecessor-version":[{"id":680,"href":"https:\/\/www.drome-accueil-solidaire.org\/index.php?rest_route=\/wp\/v2\/posts\/675\/revisions\/680"}],"wp:attachment":[{"href":"https:\/\/www.drome-accueil-solidaire.org\/index.php?rest_route=%2Fwp%2Fv2%2Fmedia&parent=675"}],"wp:term":[{"taxonomy":"category","embeddable":true,"href":"https:\/\/www.drome-accueil-solidaire.org\/index.php?rest_route=%2Fwp%2Fv2%2Fcategories&post=675"},{"taxonomy":"post_tag","embeddable":true,"href":"https:\/\/www.drome-accueil-solidaire.org\/index.php?rest_route=%2Fwp%2Fv2%2Ftags&post=675"}],"curies":[{"name":"wp","href":"https:\/\/api.w.org\/{rel}","templated":true}]}}