{"id":703,"date":"2025-01-02T17:17:59","date_gmt":"2025-01-02T17:17:59","guid":{"rendered":"https:\/\/www.drome-accueil-solidaire.org\/?p=703"},"modified":"2025-01-02T17:28:13","modified_gmt":"2025-01-02T17:28:13","slug":"projection-cinema-le-27-janvier","status":"publish","type":"post","link":"https:\/\/www.drome-accueil-solidaire.org\/?p=703","title":{"rendered":"Cin\u00e9ma le 27 janvier : Afghanes"},"content":{"rendered":"\n<p>  Le lundi 27 janvier 2025, VDAR, en partenariat avec l&rsquo;association crestoise d&rsquo;Amnesty International, projettera le film \u00ab\u00a0Afghanes\u00a0\u00bb au cin\u00e9ma EDEN \u00e0 Crest.<br>  R\u00e9alis\u00e9 par Sol\u00e8ne Chalvon-Fioriti en 2023, ce film documentaire pr\u00e9sente la condition des femmes en Afghanistan : avant l&rsquo;arriv\u00e9e des Talibans, et depuis leur retour au pouvoir. Dur\u00e9e 1h15, doubl\u00e9 en fran\u00e7ais. Sol\u00e8ne Chalvon conna\u00eet tr\u00e8s bien l&rsquo;Afghanistan, o\u00f9 elle a \u00e9t\u00e9 journaliste d\u00e8s 2011 et o\u00f9 elle a cr\u00e9\u00e9 des liens avec plusieurs femmes engag\u00e9es.<br>  Un film dur, mais tr\u00e8s bien r\u00e9alis\u00e9, et n\u00e9cessaire. Un film que vous avez peut-\u00eatre vu sur France 5, mais qui m\u00e9rite d&rsquo;\u00eatre vu en salle.<br>  Apr\u00e8s la projection, les spectateurs pourront \u00e9changer avec une r\u00e9fugi\u00e9e afghane accompagn\u00e9e par VDAR, gyn\u00e9cologue-obst\u00e9tricienne qui a d\u00fb fuir son pays apr\u00e8s le retour des Talibans, ainsi qu&rsquo;avec une p\u00e9diatre fran\u00e7aise qui a travaill\u00e9 dans ce pays.<\/p>\n\n\n\n<figure class=\"wp-block-image size-large\"><img loading=\"lazy\" decoding=\"async\" width=\"724\" height=\"1024\" src=\"https:\/\/www.drome-accueil-solidaire.org\/wp-content\/uploads\/2025\/01\/Affiche-Afghanes-27-janvier-724x1024.jpg\" alt=\"\" class=\"wp-image-704\" srcset=\"https:\/\/www.drome-accueil-solidaire.org\/wp-content\/uploads\/2025\/01\/Affiche-Afghanes-27-janvier-724x1024.jpg 724w, https:\/\/www.drome-accueil-solidaire.org\/wp-content\/uploads\/2025\/01\/Affiche-Afghanes-27-janvier-212x300.jpg 212w, https:\/\/www.drome-accueil-solidaire.org\/wp-content\/uploads\/2025\/01\/Affiche-Afghanes-27-janvier-768x1086.jpg 768w, https:\/\/www.drome-accueil-solidaire.org\/wp-content\/uploads\/2025\/01\/Affiche-Afghanes-27-janvier-1086x1536.jpg 1086w, https:\/\/www.drome-accueil-solidaire.org\/wp-content\/uploads\/2025\/01\/Affiche-Afghanes-27-janvier.jpg 1241w\" sizes=\"auto, (max-width: 724px) 100vw, 724px\" \/><\/figure>\n\n\n\n<p>A noter : il n&rsquo;y aura pas de billetterie (entr\u00e9e libre) mais il sera possible de verser une participation aux frais li\u00e9s \u00e0 cette projection.<\/p>\n\n\n\n<p><\/p>\n","protected":false},"excerpt":{"rendered":"<p>Le lundi 27 janvier 2025, VDAR, en partenariat avec l&rsquo;association crestoise d&rsquo;Amnesty International, projettera le film \u00ab\u00a0Afghanes\u00a0\u00bb au cin\u00e9ma EDEN \u00e0 Crest. R\u00e9alis\u00e9 par Sol\u00e8ne Chalvon-Fioriti en 2023, ce film documentaire pr\u00e9sente la condition des femmes en Afghanistan : avant l&rsquo;arriv\u00e9e des Talibans, et depuis leur retour au pouvoir. Dur\u00e9e 1h15, doubl\u00e9 en fran\u00e7ais. Sol\u00e8ne [&hellip;]<\/p>\n","protected":false},"author":6,"featured_media":0,"comment_status":"closed","ping_status":"","sticky":false,"template":"","format":"standard","meta":{"footnotes":""},"categories":[7],"tags":[],"class_list":["post-703","post","type-post","status-publish","format-standard","hentry","category-v_d_a_r"],"_links":{"self":[{"href":"https:\/\/www.drome-accueil-solidaire.org\/index.php?rest_route=\/wp\/v2\/posts\/703","targetHints":{"allow":["GET"]}}],"collection":[{"href":"https:\/\/www.drome-accueil-solidaire.org\/index.php?rest_route=\/wp\/v2\/posts"}],"about":[{"href":"https:\/\/www.drome-accueil-solidaire.org\/index.php?rest_route=\/wp\/v2\/types\/post"}],"author":[{"embeddable":true,"href":"https:\/\/www.drome-accueil-solidaire.org\/index.php?rest_route=\/wp\/v2\/users\/6"}],"replies":[{"embeddable":true,"href":"https:\/\/www.drome-accueil-solidaire.org\/index.php?rest_route=%2Fwp%2Fv2%2Fcomments&post=703"}],"version-history":[{"count":2,"href":"https:\/\/www.drome-accueil-solidaire.org\/index.php?rest_route=\/wp\/v2\/posts\/703\/revisions"}],"predecessor-version":[{"id":707,"href":"https:\/\/www.drome-accueil-solidaire.org\/index.php?rest_route=\/wp\/v2\/posts\/703\/revisions\/707"}],"wp:attachment":[{"href":"https:\/\/www.drome-accueil-solidaire.org\/index.php?rest_route=%2Fwp%2Fv2%2Fmedia&parent=703"}],"wp:term":[{"taxonomy":"category","embeddable":true,"href":"https:\/\/www.drome-accueil-solidaire.org\/index.php?rest_route=%2Fwp%2Fv2%2Fcategories&post=703"},{"taxonomy":"post_tag","embeddable":true,"href":"https:\/\/www.drome-accueil-solidaire.org\/index.php?rest_route=%2Fwp%2Fv2%2Ftags&post=703"}],"curies":[{"name":"wp","href":"https:\/\/api.w.org\/{rel}","templated":true}]}}