{"id":719,"date":"2025-01-26T13:56:43","date_gmt":"2025-01-26T13:56:43","guid":{"rendered":"https:\/\/www.drome-accueil-solidaire.org\/?p=719"},"modified":"2025-01-26T13:59:11","modified_gmt":"2025-01-26T13:59:11","slug":"vdar-ag-le-13-fevrier","status":"publish","type":"post","link":"https:\/\/www.drome-accueil-solidaire.org\/?p=719","title":{"rendered":"VDAR : AG le 13 f\u00e9vrier"},"content":{"rendered":"\n<p>VDAR tiendra son Assembl\u00e9e G\u00e9n\u00e9rale annuelle le jeudi 13 f\u00e9vrier, \u00e0 18h30 \u00e0 la MJC Centre Social Nini Chaize \u00e0 Aouste. La r\u00e9union est ouverte \u00e0 toutes et tous (m\u00eame si seuls les adh\u00e9rents 2024 recevront une convocation et pourront voter), vous y \u00eates attendu\u00b7es nombreux\u00b7ses.<br>Comme toute AG, la r\u00e9union d\u00e9butera par la pr\u00e9sentation du rapport d&rsquo;activit\u00e9s et du rapport financier, mais ensuite ce sera l&rsquo;occasion de conna\u00eetre nos projets, de d\u00e9battre autour de la probl\u00e9matique de l&rsquo;accueil : en r\u00e9union pl\u00e9ni\u00e8re d&rsquo;abord, puis en t\u00eate en t\u00eate ensuite pendant le traditionnel verre de l&rsquo;amiti\u00e9.<br>Notre CA sera heureux d&rsquo;accueillir de nouveaux volontaires le cas \u00e9ch\u00e9ant.<br>Rappel : cin\u00e9-d\u00e9bat ce lundi 27 janvier<\/p>\n\n\n\n<figure class=\"wp-block-image size-large\"><img loading=\"lazy\" decoding=\"async\" width=\"724\" height=\"1024\" src=\"https:\/\/www.drome-accueil-solidaire.org\/wp-content\/uploads\/2025\/01\/Affiche-Afghanes-27-janvier-1-724x1024.jpg\" alt=\"\" class=\"wp-image-720\" srcset=\"https:\/\/www.drome-accueil-solidaire.org\/wp-content\/uploads\/2025\/01\/Affiche-Afghanes-27-janvier-1-724x1024.jpg 724w, https:\/\/www.drome-accueil-solidaire.org\/wp-content\/uploads\/2025\/01\/Affiche-Afghanes-27-janvier-1-212x300.jpg 212w, https:\/\/www.drome-accueil-solidaire.org\/wp-content\/uploads\/2025\/01\/Affiche-Afghanes-27-janvier-1-768x1086.jpg 768w, https:\/\/www.drome-accueil-solidaire.org\/wp-content\/uploads\/2025\/01\/Affiche-Afghanes-27-janvier-1-1086x1536.jpg 1086w, https:\/\/www.drome-accueil-solidaire.org\/wp-content\/uploads\/2025\/01\/Affiche-Afghanes-27-janvier-1.jpg 1241w\" sizes=\"auto, (max-width: 724px) 100vw, 724px\" \/><\/figure>\n","protected":false},"excerpt":{"rendered":"<p>VDAR tiendra son Assembl\u00e9e G\u00e9n\u00e9rale annuelle le jeudi 13 f\u00e9vrier, \u00e0 18h30 \u00e0 la MJC Centre Social Nini Chaize \u00e0 Aouste. La r\u00e9union est ouverte \u00e0 toutes et tous (m\u00eame si seuls les adh\u00e9rents 2024 recevront une convocation et pourront voter), vous y \u00eates attendu\u00b7es nombreux\u00b7ses.Comme toute AG, la r\u00e9union d\u00e9butera par la pr\u00e9sentation du [&hellip;]<\/p>\n","protected":false},"author":6,"featured_media":0,"comment_status":"closed","ping_status":"","sticky":false,"template":"","format":"standard","meta":{"footnotes":""},"categories":[7],"tags":[],"class_list":["post-719","post","type-post","status-publish","format-standard","hentry","category-v_d_a_r"],"_links":{"self":[{"href":"https:\/\/www.drome-accueil-solidaire.org\/index.php?rest_route=\/wp\/v2\/posts\/719","targetHints":{"allow":["GET"]}}],"collection":[{"href":"https:\/\/www.drome-accueil-solidaire.org\/index.php?rest_route=\/wp\/v2\/posts"}],"about":[{"href":"https:\/\/www.drome-accueil-solidaire.org\/index.php?rest_route=\/wp\/v2\/types\/post"}],"author":[{"embeddable":true,"href":"https:\/\/www.drome-accueil-solidaire.org\/index.php?rest_route=\/wp\/v2\/users\/6"}],"replies":[{"embeddable":true,"href":"https:\/\/www.drome-accueil-solidaire.org\/index.php?rest_route=%2Fwp%2Fv2%2Fcomments&post=719"}],"version-history":[{"count":2,"href":"https:\/\/www.drome-accueil-solidaire.org\/index.php?rest_route=\/wp\/v2\/posts\/719\/revisions"}],"predecessor-version":[{"id":723,"href":"https:\/\/www.drome-accueil-solidaire.org\/index.php?rest_route=\/wp\/v2\/posts\/719\/revisions\/723"}],"wp:attachment":[{"href":"https:\/\/www.drome-accueil-solidaire.org\/index.php?rest_route=%2Fwp%2Fv2%2Fmedia&parent=719"}],"wp:term":[{"taxonomy":"category","embeddable":true,"href":"https:\/\/www.drome-accueil-solidaire.org\/index.php?rest_route=%2Fwp%2Fv2%2Fcategories&post=719"},{"taxonomy":"post_tag","embeddable":true,"href":"https:\/\/www.drome-accueil-solidaire.org\/index.php?rest_route=%2Fwp%2Fv2%2Ftags&post=719"}],"curies":[{"name":"wp","href":"https:\/\/api.w.org\/{rel}","templated":true}]}}