{"id":726,"date":"2025-02-12T14:12:54","date_gmt":"2025-02-12T14:12:54","guid":{"rendered":"https:\/\/www.drome-accueil-solidaire.org\/?p=726"},"modified":"2025-02-12T14:18:47","modified_gmt":"2025-02-12T14:18:47","slug":"solidarloc-assemblee-generale-vendredi-21-fevrier","status":"publish","type":"post","link":"https:\/\/www.drome-accueil-solidaire.org\/?p=726","title":{"rendered":"SOLIDARLOC : Assembl\u00e9e G\u00e9n\u00e9rale vendredi 21 f\u00e9vrier"},"content":{"rendered":"\n<p>L&rsquo;Assembl\u00e9e G\u00e9n\u00e9rale de SOLIDARLOC aura lieu le vendredi 21 f\u00e9vrier 2025, \u00e0 18h30, \u00e0 la MJC Nini Chaize d\u2019Aouste-sur-Sye ( 6 rue Gustave Gresse 26400 Aouste-sur-Sye ).<br>Nous ferons le point sur nos activit\u00e9s en cours et les perspectives pour les ann\u00e9es \u00e0 venir. Votre pr\u00e9sence est pr\u00e9cieuse. <br>Les adh\u00e9sions 2025 peuvent se prendre lors de l\u2019AG (cotisation de base : 10 \u20ac).<\/p>\n","protected":false},"excerpt":{"rendered":"<p>L&rsquo;Assembl\u00e9e G\u00e9n\u00e9rale de SOLIDARLOC aura lieu le vendredi 21 f\u00e9vrier 2025, \u00e0 18h30, \u00e0 la MJC Nini Chaize d\u2019Aouste-sur-Sye ( 6 rue Gustave Gresse 26400 Aouste-sur-Sye ).Nous ferons le point sur nos activit\u00e9s en cours et les perspectives pour les ann\u00e9es \u00e0 venir. Votre pr\u00e9sence est pr\u00e9cieuse. Les adh\u00e9sions 2025 peuvent se prendre lors de [&hellip;]<\/p>\n","protected":false},"author":8,"featured_media":0,"comment_status":"closed","ping_status":"","sticky":false,"template":"","format":"standard","meta":{"footnotes":""},"categories":[9],"tags":[],"class_list":["post-726","post","type-post","status-publish","format-standard","hentry","category-solidarloc"],"_links":{"self":[{"href":"https:\/\/www.drome-accueil-solidaire.org\/index.php?rest_route=\/wp\/v2\/posts\/726","targetHints":{"allow":["GET"]}}],"collection":[{"href":"https:\/\/www.drome-accueil-solidaire.org\/index.php?rest_route=\/wp\/v2\/posts"}],"about":[{"href":"https:\/\/www.drome-accueil-solidaire.org\/index.php?rest_route=\/wp\/v2\/types\/post"}],"author":[{"embeddable":true,"href":"https:\/\/www.drome-accueil-solidaire.org\/index.php?rest_route=\/wp\/v2\/users\/8"}],"replies":[{"embeddable":true,"href":"https:\/\/www.drome-accueil-solidaire.org\/index.php?rest_route=%2Fwp%2Fv2%2Fcomments&post=726"}],"version-history":[{"count":2,"href":"https:\/\/www.drome-accueil-solidaire.org\/index.php?rest_route=\/wp\/v2\/posts\/726\/revisions"}],"predecessor-version":[{"id":728,"href":"https:\/\/www.drome-accueil-solidaire.org\/index.php?rest_route=\/wp\/v2\/posts\/726\/revisions\/728"}],"wp:attachment":[{"href":"https:\/\/www.drome-accueil-solidaire.org\/index.php?rest_route=%2Fwp%2Fv2%2Fmedia&parent=726"}],"wp:term":[{"taxonomy":"category","embeddable":true,"href":"https:\/\/www.drome-accueil-solidaire.org\/index.php?rest_route=%2Fwp%2Fv2%2Fcategories&post=726"},{"taxonomy":"post_tag","embeddable":true,"href":"https:\/\/www.drome-accueil-solidaire.org\/index.php?rest_route=%2Fwp%2Fv2%2Ftags&post=726"}],"curies":[{"name":"wp","href":"https:\/\/api.w.org\/{rel}","templated":true}]}}