{"id":804,"date":"2026-03-29T19:53:28","date_gmt":"2026-03-29T19:53:28","guid":{"rendered":"https:\/\/www.drome-accueil-solidaire.org\/?p=804"},"modified":"2026-03-29T20:03:40","modified_gmt":"2026-03-29T20:03:40","slug":"ag-vdar-le-16-avril","status":"publish","type":"post","link":"https:\/\/www.drome-accueil-solidaire.org\/?p=804","title":{"rendered":"AG VDAR le 16 avril"},"content":{"rendered":"\n<p>VDAR tiendra son assembl\u00e9e g\u00e9n\u00e9rale <br> &#8211; le jeudi 16 avril 2026<br> &#8211; \u00e0 18h30<br> &#8211; \u00e0 la MJC-Centre Social Nini Chaize \u00e0 Aouste.<br><br>Vous y \u00eates toutes et tous cordialement invit\u00e9\u00b7es.<\/p>\n\n\n\n<p>Notre <strong>bulletin d&rsquo;adh\u00e9sion<\/strong> 2026 est accessible <a href=\"https:\/\/www.drome-accueil-solidaire.org\/?p=297\" data-type=\"link\" data-id=\"https:\/\/www.drome-accueil-solidaire.org\/?p=297\"><strong>ici<\/strong><\/a><\/p>\n\n\n\n<div data-wp-interactive=\"core\/file\" class=\"wp-block-file\"><object data-wp-bind--hidden=\"!state.hasPdfPreview\" hidden class=\"wp-block-file__embed\" data=\"https:\/\/www.drome-accueil-solidaire.org\/wp-content\/uploads\/2026\/03\/Invitation-AG-VDAR-2026.pdf\" type=\"application\/pdf\" style=\"width:100%;height:600px\" aria-label=\"Contenu embarqu\u00e9 Invitation AG VDAR 2026.\"><\/object><a id=\"wp-block-file--media-6084a50c-68eb-4738-bf8b-b988c004fe70\" href=\"https:\/\/www.drome-accueil-solidaire.org\/wp-content\/uploads\/2026\/03\/Invitation-AG-VDAR-2026.pdf\">Invitation AG VDAR 2026<\/a><a href=\"https:\/\/www.drome-accueil-solidaire.org\/wp-content\/uploads\/2026\/03\/Invitation-AG-VDAR-2026.pdf\" class=\"wp-block-file__button wp-element-button\" download aria-describedby=\"wp-block-file--media-6084a50c-68eb-4738-bf8b-b988c004fe70\">T\u00e9l\u00e9charger<\/a><\/div>\n\n\n\n<p><\/p>\n","protected":false},"excerpt":{"rendered":"<p>VDAR tiendra son assembl\u00e9e g\u00e9n\u00e9rale &#8211; le jeudi 16 avril 2026 &#8211; \u00e0 18h30 &#8211; \u00e0 la MJC-Centre Social Nini Chaize \u00e0 Aouste. Vous y \u00eates toutes et tous cordialement invit\u00e9\u00b7es. Notre bulletin d&rsquo;adh\u00e9sion 2026 est accessible ici<\/p>\n","protected":false},"author":6,"featured_media":0,"comment_status":"closed","ping_status":"","sticky":false,"template":"","format":"standard","meta":{"footnotes":""},"categories":[7],"tags":[],"class_list":["post-804","post","type-post","status-publish","format-standard","hentry","category-v_d_a_r"],"_links":{"self":[{"href":"https:\/\/www.drome-accueil-solidaire.org\/index.php?rest_route=\/wp\/v2\/posts\/804","targetHints":{"allow":["GET"]}}],"collection":[{"href":"https:\/\/www.drome-accueil-solidaire.org\/index.php?rest_route=\/wp\/v2\/posts"}],"about":[{"href":"https:\/\/www.drome-accueil-solidaire.org\/index.php?rest_route=\/wp\/v2\/types\/post"}],"author":[{"embeddable":true,"href":"https:\/\/www.drome-accueil-solidaire.org\/index.php?rest_route=\/wp\/v2\/users\/6"}],"replies":[{"embeddable":true,"href":"https:\/\/www.drome-accueil-solidaire.org\/index.php?rest_route=%2Fwp%2Fv2%2Fcomments&post=804"}],"version-history":[{"count":8,"href":"https:\/\/www.drome-accueil-solidaire.org\/index.php?rest_route=\/wp\/v2\/posts\/804\/revisions"}],"predecessor-version":[{"id":815,"href":"https:\/\/www.drome-accueil-solidaire.org\/index.php?rest_route=\/wp\/v2\/posts\/804\/revisions\/815"}],"wp:attachment":[{"href":"https:\/\/www.drome-accueil-solidaire.org\/index.php?rest_route=%2Fwp%2Fv2%2Fmedia&parent=804"}],"wp:term":[{"taxonomy":"category","embeddable":true,"href":"https:\/\/www.drome-accueil-solidaire.org\/index.php?rest_route=%2Fwp%2Fv2%2Fcategories&post=804"},{"taxonomy":"post_tag","embeddable":true,"href":"https:\/\/www.drome-accueil-solidaire.org\/index.php?rest_route=%2Fwp%2Fv2%2Ftags&post=804"}],"curies":[{"name":"wp","href":"https:\/\/api.w.org\/{rel}","templated":true}]}}